{"id":3092,"date":"2018-01-23T21:05:40","date_gmt":"2018-01-23T21:05:40","guid":{"rendered":"http:\/\/agencemarchica.gov.ma\/?p=3092"},"modified":"2018-09-27T22:58:49","modified_gmt":"2018-09-27T22:58:49","slug":"nomad-60-la-lagune-de-marchica-havre-de-paix-pour-les-nadoris","status":"publish","type":"post","link":"https:\/\/agencemarchica.gov.ma\/ar\/nomad-60-la-lagune-de-marchica-havre-de-paix-pour-les-nadoris\/","title":{"rendered":". \u0646\u0648\u0645\u0627\u062f # 60: \u0628\u062d\u064a\u0631\u0629 \u0645\u0627\u0631\u0634\u064a\u0643\u0627\u060c  \u0645\u0644\u0627\u0630 \u0627\u0644\u0633\u0644\u0627\u0645 \u0644\u0633\u0627\u0643\u0646\u0629 \u0627\u0644\u0646\u0627\u0638\u0648\u0631"},"content":{"rendered":"<div class=\"detail-header\">\n<p>La lagune de Marchica est une halte indispensable dans la r\u00e9gion du Rif. Elle repr\u00e9sente une bouff\u00e9e d\u2019air frais et dispose de paysages \u00e0 couper le souffle.<\/p>\n<\/div>\n<div id=\"image_art\" class=\"content-details\">\n<div class=\"image-article\">\n<div><img decoding=\"async\" id=\"article_img\" title=\"La lagune de Marchica est une halte indispensable dans la r\u00e9gion du Rif. \/ Ph. Marchica Med\" src=\"https:\/\/static.yabiladi.com\/files\/articles\/dc509ad51a162779e76829e8277a06b620180121105347_thumb_565.jpg\" alt=\"\" width=\"100%\" longdesc=\"https:\/\/static.yabiladi.com\/files\/articles\/dc509ad51a162779e76829e8277a06b620180121105347.jpg\" \/><span class=\"desc\">La lagune de Marchica est une halte indispensable dans la r\u00e9gion du Rif. \/ Ph. Marchica Med<\/span><\/div>\n<\/div>\n<div>\n<p>L\u2019un des plus beaux paysages dans la ville de Nador est sans conteste la lagune de Marchica, qui semble presque irr\u00e9elle de loin. Sur 115 km2, la surface d\u2019eau s\u2019\u00e9tend, majestueuse. Etal\u00e9e sur quatre communes, celle de Nador, Beni Ansar, Bou\u00e2rg et Argman, elle pr\u00e9tend au titre d\u2019une des plus grandes lagunes de la m\u00e9diterran\u00e9e. Pourtant, quelques ann\u00e9es auparavant, Marchica ne ressemblait en rien \u00e0 ce qu\u2019elle peut refl\u00e9ter aujourd\u2019hui.<\/p>\n<p>\u00abC\u2019\u00e9tait une lagune qui \u00e9tait tr\u00e8s pollu\u00e9e, m\u00eame \u00e0 plusieurs kilom\u00e8tres de Nador, on n\u2019arrivait plus \u00e0 respirer l\u2019air frais \u00e0 cause de la lagune. Elle \u00e9tait consid\u00e9r\u00e9e comme une d\u00e9charge \u00e0 ciel ouvert, toutes les eaux us\u00e9es de Nador y \u00e9taient d\u00e9vers\u00e9es\u00bb, explique Ali Zaki, chef de d\u00e9partement communication de l\u2019agence Marchica, contact\u00e9 par Yabiladi.<\/p>\n<p>Le roi Mohammed VI initie alors, en 2008, un projet d\u2019am\u00e9nagement d\u2019envergure du site de la lagune de Marchica, pour \u00abvaloriser les richesses naturelles de la r\u00e9gion de Nador \u00e0 travers la r\u00e9alisation de sept cit\u00e9s th\u00e9matiques autour de la lagune\u00bb,\u00a0<a href=\"http:\/\/agencemarchica.gov.ma\/le-projet\/presentation\/\" target=\"_blank\" rel=\"noopener\">peut-on lire sur le site de l\u2019Agence Marchica<\/a>. De plus, l\u2019environnement est au c\u0153ur du projet, l\u2019objectif est de pr\u00e9server le \u00abpatrimoine \u00e9cologique de la r\u00e9gion de l\u2019Oriental\u00bb, ajoute la m\u00eame source.<\/p>\n<p>\u00abOn met d\u2019abord l\u2019\u00e9cosyst\u00e8me, l\u2019humain et l\u2019environnement au c\u0153ur de notre mission. Notre projet n\u2019est pas un projet de d\u00e9veloppement durable tout court, c\u2019est un projet de d\u00e9veloppement durable int\u00e9gr\u00e9\u00bb, d\u00e9clare le responsable de l\u2019agence Marchica.<\/p>\n<div><\/div>\n<p><span class=\"img_containter\"><img decoding=\"async\" loading=\"lazy\" src=\"https:\/\/static.yabiladi.com\/img\/assets\/2017\/_DSC6765.jpg\" alt=\"Aper\u00e7u de la lagune de Marchica. \/ Ph. Marchica Med\" width=\"100%\" height=\"auto\" \/><span class=\"img_cdesc\">Aper\u00e7u de la lagune de Marchica. \/ Ph. Marchica Med<\/span><\/span><\/p>\n<p>Dans les faits, le projet a \u00e9t\u00e9 entam\u00e9 par une d\u00e9pollution de la lagune. Marchica Med a \u00e9t\u00e9 cr\u00e9\u00e9e \u00abpour am\u00e9nager les pourtours et le site de la lagune\u00bb, explique Ali Zaki.<\/p>\n<p>Le projet a permis de changer le paysage de la lagune, avec la mise en place de \u00abroutes pour faciliter la mobilit\u00e9 et l\u2019accessibilit\u00e9\u00bb, la structuration des \u00abquartiers limitrophes, source de pollution de la lagune\u00bb, indique notre interlocuteur. Quelques ann\u00e9es auparavant, ces quartiers \u00abn\u2019avaient ni assainissement, ni eau, ni \u00e9lectricit\u00e9\u00bb.<\/p>\n<p>Il y a eu aussi \u00abla requalification des corniches, notamment celle de Nador\u00bb, ajoute le chef de d\u00e9partement communication de l\u2019agence Marchica. Mais aussi, \u00abrefait plusieurs routes entre Nador et Beni\u00a0Ansar\u00bb.<\/p>\n<p><strong>Le plus grand parc ornithologique du Maroc<\/strong><\/p>\n<p>La lagune de Marchica dispose de plus de 100 esp\u00e8ces d\u2019oiseaux migrateurs et nicheurs. L\u2019agence Marchica travaille ainsi sur la mise en place d\u2019un parc ornithologique, \u00able plus grand du Maroc\u00bb pour remplacer le lieu \u00abdes anciens bassins des eaux us\u00e9es qui se situaient sur la lagune\u00bb. Ainsi l\u2019agence travaille \u00e0 d\u00e9polluer les anciens bassins pour \u00abam\u00e9nager le site afin d&#8217;accueillir davantage d&#8217;oiseaux.\u00bb<\/p>\n<p><span class=\"img_containter\"><img decoding=\"async\" loading=\"lazy\" src=\"https:\/\/static.yabiladi.com\/img\/assets\/2017\/DSC_3811.jpg\" alt=\"Les flamands roses font halte \u00e0 la lagune de Marchica. \/ Ph. Marchica Med \" width=\"100%\" height=\"auto\" \/><span class=\"img_cdesc\">Les flamands roses font halte \u00e0 la lagune de Marchica. \/ Ph. Marchica Med<\/span><\/span><\/p>\n<p>Un des bassins qui servait \u00e0 laver les minerais de fer a \u00e9t\u00e9 \u00abam\u00e9nag\u00e9 en acad\u00e9mie de golf\u00bb, pr\u00e9cise Ali Zaki.<\/p>\n<div class=\"citation\">\n<p>\u00abL\u2019endroit o\u00f9 les riverains jetaient leurs d\u00e9chets domestiques, a \u00e9t\u00e9 transform\u00e9 en plage artificielle.\u00bb<\/p>\n<\/div>\n<p>Ce projet a certes, chang\u00e9 le paysage, mais participe aussi au changement des habitudes chez les habitants de Nador. \u00abDes personnes de tout \u00e2ge pratiquent d\u00e9sormais le jogging ou la marche\u00bb, pr\u00e9cise le responsable de l\u2019agence Marchica. Les personnes viennent se ressourcer au bord de la lagune, pour respirer l\u2019air frais, se retrouver en famille, en s\u00e9curit\u00e9, puisque le site est surveill\u00e9 \u00ab24h\/24\u00bb et nettoy\u00e9.<\/p>\n<p>Marchica Med s\u2019occupe de d\u00e9velopper tout le \u00abvolet d\u00e9veloppement durable en incluant la composante d&#8217;\u00e9co-tourisme\u00bb,\u00a0avec sept projets, dont la cit\u00e9 des p\u00e9cheurs, la cit\u00e9 d\u2019Atalayoun, la baie des flamands, le village des p\u00eacheurs, la cit\u00e9 des deux mers, les vergers de Marchica et enfin Marchica sport.<\/p>\n<p><span class=\"img_containter\"><img decoding=\"async\" loading=\"lazy\" src=\"https:\/\/static.yabiladi.com\/img\/assets\/2017\/Cite%CC%81%20des%20Deux%20Mers-%20Apre%CC%80s.jpg\" alt=\"La cit\u00e9 des deux mers. \/ Ph. Marchica Med\" width=\"100%\" height=\"auto\" \/><span class=\"img_cdesc\">La cit\u00e9 des deux mers. \/ Ph. Marchica Med<\/span><\/span><\/p>\n<\/div>\n<\/div>\n<div>\u00a0Source :<a href=\"https:\/\/www.yabiladi.com\/articles\/details\/61140\/nomad-lagune-marchica-havre-paix.html\"> Yabiladi.com<\/a><\/div>\n","protected":false},"excerpt":{"rendered":"<p>La lagune de Marchica est une halte indispensable dans la r\u00e9gion du Rif. Elle repr\u00e9sente une bouff\u00e9e d\u2019air frais et dispose de paysages \u00e0 couper le souffle. La lagune de Marchica est une halte indispensable dans la r\u00e9gion du Rif. \/ Ph. Marchica Med L\u2019un des plus beaux paysages dans la ville de Nador est [&hellip;]<\/p>\n","protected":false},"author":1,"featured_media":2389,"comment_status":"closed","ping_status":"closed","sticky":false,"template":"","format":"standard","meta":[],"categories":[27],"tags":[],"_links":{"self":[{"href":"https:\/\/agencemarchica.gov.ma\/ar\/wp-json\/wp\/v2\/posts\/3092"}],"collection":[{"href":"https:\/\/agencemarchica.gov.ma\/ar\/wp-json\/wp\/v2\/posts"}],"about":[{"href":"https:\/\/agencemarchica.gov.ma\/ar\/wp-json\/wp\/v2\/types\/post"}],"author":[{"embeddable":true,"href":"https:\/\/agencemarchica.gov.ma\/ar\/wp-json\/wp\/v2\/users\/1"}],"replies":[{"embeddable":true,"href":"https:\/\/agencemarchica.gov.ma\/ar\/wp-json\/wp\/v2\/comments?post=3092"}],"version-history":[{"count":3,"href":"https:\/\/agencemarchica.gov.ma\/ar\/wp-json\/wp\/v2\/posts\/3092\/revisions"}],"predecessor-version":[{"id":3347,"href":"https:\/\/agencemarchica.gov.ma\/ar\/wp-json\/wp\/v2\/posts\/3092\/revisions\/3347"}],"wp:featuredmedia":[{"embeddable":true,"href":"https:\/\/agencemarchica.gov.ma\/ar\/wp-json\/wp\/v2\/media\/2389"}],"wp:attachment":[{"href":"https:\/\/agencemarchica.gov.ma\/ar\/wp-json\/wp\/v2\/media?parent=3092"}],"wp:term":[{"taxonomy":"category","embeddable":true,"href":"https:\/\/agencemarchica.gov.ma\/ar\/wp-json\/wp\/v2\/categories?post=3092"},{"taxonomy":"post_tag","embeddable":true,"href":"https:\/\/agencemarchica.gov.ma\/ar\/wp-json\/wp\/v2\/tags?post=3092"}],"curies":[{"name":"wp","href":"https:\/\/api.w.org\/{rel}","templated":true}]}}