{"id":3105,"date":"2017-01-30T11:37:34","date_gmt":"2017-01-30T11:37:34","guid":{"rendered":"http:\/\/agencemarchica.gov.ma\/?p=3105"},"modified":"2018-08-16T20:46:51","modified_gmt":"2018-08-16T20:46:51","slug":"%d8%aa%d9%82%d8%b1%d9%8a%d8%b1-%d9%85%d8%a7%d8%b1%d8%b4%d9%8a%d9%83%d8%a7-%d9%85%d9%8a%d8%af-%d9%8a%d8%b3%d8%aa%d8%ab%d9%85%d8%b1-%d9%81%d9%8a-%d8%a3%d9%81%d8%b1%d9%8a%d9%82%d9%8a%d8%a7","status":"publish","type":"post","link":"https:\/\/agencemarchica.gov.ma\/ar\/%d8%aa%d9%82%d8%b1%d9%8a%d8%b1-%d9%85%d8%a7%d8%b1%d8%b4%d9%8a%d9%83%d8%a7-%d9%85%d9%8a%d8%af-%d9%8a%d8%b3%d8%aa%d8%ab%d9%85%d8%b1-%d9%81%d9%8a-%d8%a3%d9%81%d8%b1%d9%8a%d9%82%d9%8a%d8%a7\/","title":{"rendered":"\u062a\u0642\u0631\u064a\u0631: \u0645\u0627\u0631\u0634\u064a\u0643\u0627 \u0645\u064a\u062f \u064a\u0633\u062a\u062b\u0645\u0631 \u0641\u064a \u0623\u0641\u0631\u064a\u0642\u064a\u0627"},"content":{"rendered":"<p>Mise \u00e0 disposition de l&#8217;exp\u00e9rience in\u00e9dite de Marchica MED dans l&#8217;am\u00e9nagement et la mise en valeur des lagunes au profit de la Lagune Ebri\u00e9 en C\u00f4te d&#8217;Ivoire et du Canal des Pangalanes \u00e0 Madagascar -reportage sign\u00e9 SNRT- lundi 02 Janvier 2017. <a href=\"https:\/\/web.facebook.com\/agencemarchicamed\/videos\/1898803900348110\/?_rdr\" target=\"_blank\">Voir plus<\/a><\/p>\n","protected":false},"excerpt":{"rendered":"<p>Mise \u00e0 disposition de l&#8217;exp\u00e9rience in\u00e9dite de Marchica MED dans l&#8217;am\u00e9nagement et la mise en valeur des lagunes au profit de la Lagune Ebri\u00e9 en C\u00f4te d&#8217;Ivoire et du Canal des Pangalanes \u00e0 Madagascar -reportage sign\u00e9 SNRT- lundi 02 Janvier 2017. Voir plus<\/p>\n","protected":false},"author":1,"featured_media":0,"comment_status":"closed","ping_status":"closed","sticky":false,"template":"","format":"standard","meta":[],"categories":[27],"tags":[],"_links":{"self":[{"href":"https:\/\/agencemarchica.gov.ma\/ar\/wp-json\/wp\/v2\/posts\/3105"}],"collection":[{"href":"https:\/\/agencemarchica.gov.ma\/ar\/wp-json\/wp\/v2\/posts"}],"about":[{"href":"https:\/\/agencemarchica.gov.ma\/ar\/wp-json\/wp\/v2\/types\/post"}],"author":[{"embeddable":true,"href":"https:\/\/agencemarchica.gov.ma\/ar\/wp-json\/wp\/v2\/users\/1"}],"replies":[{"embeddable":true,"href":"https:\/\/agencemarchica.gov.ma\/ar\/wp-json\/wp\/v2\/comments?post=3105"}],"version-history":[{"count":1,"href":"https:\/\/agencemarchica.gov.ma\/ar\/wp-json\/wp\/v2\/posts\/3105\/revisions"}],"predecessor-version":[{"id":3106,"href":"https:\/\/agencemarchica.gov.ma\/ar\/wp-json\/wp\/v2\/posts\/3105\/revisions\/3106"}],"wp:attachment":[{"href":"https:\/\/agencemarchica.gov.ma\/ar\/wp-json\/wp\/v2\/media?parent=3105"}],"wp:term":[{"taxonomy":"category","embeddable":true,"href":"https:\/\/agencemarchica.gov.ma\/ar\/wp-json\/wp\/v2\/categories?post=3105"},{"taxonomy":"post_tag","embeddable":true,"href":"https:\/\/agencemarchica.gov.ma\/ar\/wp-json\/wp\/v2\/tags?post=3105"}],"curies":[{"name":"wp","href":"https:\/\/api.w.org\/{rel}","templated":true}]}}