{"id":3177,"date":"2017-01-30T11:39:20","date_gmt":"2017-01-30T11:39:20","guid":{"rendered":"http:\/\/agencemarchica.gov.ma\/?p=3177"},"modified":"2018-09-09T11:38:32","modified_gmt":"2018-09-09T11:38:32","slug":"informe-agencia-marchica-transforma-nuisance-placer","status":"publish","type":"post","link":"https:\/\/agencemarchica.gov.ma\/es\/informe-agencia-marchica-transforma-nuisance-placer\/","title":{"rendered":"INFORME: AGENCIA MARCHICA TRANSFORMA NUISANCE PLACER"},"content":{"rendered":"<p>[vc_row][vc_column width=\u00bb1\/2&#8243;][vc_column_text]Impacto del proyecto de desarrollo y valorizaci\u00f3n de la laguna de Marchica sobre la poblaci\u00f3n de la provincia de Nador &#8211; reportaje firmado SNRT- S\u00e1bado, 28 de enero.  <a href=\"https:\/\/www.youtube.com\/watch?v=8k8VJDGZqqU\" target=\"_blank\">Ver m\u00e1s<\/a>[\/vc_column_text][\/vc_column][vc_column width=\u00bb1\/2&#8243;][vc_video link=\u00bbhttps:\/\/youtu.be\/8k8VJDGZqqU\u00bb align=\u00bbright\u00bb][\/vc_column][\/vc_row]<\/p>\n","protected":false},"excerpt":{"rendered":"<p>[vc_row][vc_column width=\u00bb1\/2&#8243;][vc_column_text]Impacto del proyecto de desarrollo y valorizaci\u00f3n de la laguna de Marchica sobre la poblaci\u00f3n de la provincia de Nador &#8211; reportaje firmado SNRT- S\u00e1bado, 28 de enero. Ver m\u00e1s[\/vc_column_text][\/vc_column][vc_column width=\u00bb1\/2&#8243;][vc_video link=\u00bbhttps:\/\/youtu.be\/8k8VJDGZqqU\u00bb align=\u00bbright\u00bb][\/vc_column][\/vc_row]<\/p>\n","protected":false},"author":1,"featured_media":0,"comment_status":"closed","ping_status":"closed","sticky":false,"template":"","format":"standard","meta":[],"categories":[74],"tags":[],"_links":{"self":[{"href":"https:\/\/agencemarchica.gov.ma\/es\/wp-json\/wp\/v2\/posts\/3177"}],"collection":[{"href":"https:\/\/agencemarchica.gov.ma\/es\/wp-json\/wp\/v2\/posts"}],"about":[{"href":"https:\/\/agencemarchica.gov.ma\/es\/wp-json\/wp\/v2\/types\/post"}],"author":[{"embeddable":true,"href":"https:\/\/agencemarchica.gov.ma\/es\/wp-json\/wp\/v2\/users\/1"}],"replies":[{"embeddable":true,"href":"https:\/\/agencemarchica.gov.ma\/es\/wp-json\/wp\/v2\/comments?post=3177"}],"version-history":[{"count":2,"href":"https:\/\/agencemarchica.gov.ma\/es\/wp-json\/wp\/v2\/posts\/3177\/revisions"}],"predecessor-version":[{"id":3181,"href":"https:\/\/agencemarchica.gov.ma\/es\/wp-json\/wp\/v2\/posts\/3177\/revisions\/3181"}],"wp:attachment":[{"href":"https:\/\/agencemarchica.gov.ma\/es\/wp-json\/wp\/v2\/media?parent=3177"}],"wp:term":[{"taxonomy":"category","embeddable":true,"href":"https:\/\/agencemarchica.gov.ma\/es\/wp-json\/wp\/v2\/categories?post=3177"},{"taxonomy":"post_tag","embeddable":true,"href":"https:\/\/agencemarchica.gov.ma\/es\/wp-json\/wp\/v2\/tags?post=3177"}],"curies":[{"name":"wp","href":"https:\/\/api.w.org\/{rel}","templated":true}]}}